{"id":406,"date":"2014-03-06T13:40:38","date_gmt":"2014-03-06T11:40:38","guid":{"rendered":"http:\/\/fvo.sk\/wp\/?p=406"},"modified":"2014-03-06T13:40:38","modified_gmt":"2014-03-06T11:40:38","slug":"rozbiehame-osvetu-o-niektorych-otazkach-ludskych-prav","status":"publish","type":"post","link":"http:\/\/fvo.sk\/?p=406","title":{"rendered":"Cyklus predn\u00e1\u0161ok o \u013eudsk\u00fdch pr\u00e1vach"},"content":{"rendered":"<p>F\u00f3rum pre verejn\u00e9 ot\u00e1zky v\u00a0spolupr\u00e1ci s\u00a0\u010fal\u0161\u00edmi in\u0161tit\u00faciami od\u0161tartoval cyklus verejn\u00fdch predn\u00e1\u0161ok a\u00a0diskusi\u00ed o skuto\u010dn\u00fdch \u013eudsk\u00fdch pr\u00e1vach s\u00a0pr\u00e1vnikom Martinom Dilongom.<\/p>\n<p>T\u00e9my:<\/p>\n<ul>\n<li>\u00fastavn\u00e1 ochrana man\u017eelstva a\u00a0rodiny,<\/li>\n<li>pr\u00e1va rodi\u010dov,<\/li>\n<li>Celo\u0161t\u00e1tna strat\u00e9gia \u013eudsk\u00fdch pr\u00e1v,<\/li>\n<li>probl\u00e9m gender (rodovej)\u00a0 ideol\u00f3gie,<\/li>\n<li>ochrana pr\u00e1v seniorov.<\/li>\n<\/ul>\n<p>Podujatia v\u00a0jednotliv\u00fdch slovensk\u00fdch mest\u00e1ch sa organizuj\u00fa v\u00a0spolupr\u00e1ci s\u00a0miestnymi in\u0161tit\u00faciami. Term\u00edny a\u00a0miesta konania budeme postupne dopl\u0148ova\u0165.<\/p>\n<p>1)\u00a0 10. marca 2014 v N\u00e1mestove.<br \/>\n<strong>OCHRANA MAN\u017dELSTVA A\u00a0RODINY<\/strong><br \/>\n<em>JUDr. Martin Dilong<\/em><br \/>\nMiesto predn\u00e1\u0161ky: \u00a0<a href=\"https:\/\/maps.google.sk\/maps?q=Katol%C3%ADcky+dom+N%C3%A1mestovo&amp;hl=sk&amp;ie=UTF8&amp;ll=49.405388,19.480203&amp;spn=0.001065,0.001725&amp;sll=48.135866,17.115917&amp;sspn=0.279529,0.441513&amp;t=h&amp;hq=Katol%C3%ADcky+dom&amp;hnear=N%C3%A1mestovo&amp;fll=49.405388,19.480203&amp;fspn=0.001065,0.001725&amp;z=19\">KATOL\u00cdCKY DOM<\/a> v\u00a0N\u00e1mestove, za\u010diatok o 15.00 hod.<\/p>\n<p>2)\u00a0 19. marca 2014 v Ko\u0161iciach.<br \/>\n<strong>OCHRANA MAN\u017dELSTVA A\u00a0RODINY<\/strong><br \/>\n<em>JUDr. Martin Dilong<\/em><br \/>\nMiesto predn\u00e1\u0161ky: Aula Teologickej fakulty KU na Hlavnej 89, Za\u010diatok o 17:30 hod.<\/p>\n<p>3)\u00a0 26. marca 2014 v Ru\u017eomberku.<br \/>\n<strong> \u010cIST\u00dd VZ\u0164AH, FUNGUJ\u00daCE MAN\u017dELSTVO A OCHRANA RODINY<\/strong><br \/>\n<em>JUDr. Martin Dilong<\/em><br \/>\nMiesto predn\u00e1\u0161ky: <a href=\"https:\/\/maps.google.sk\/maps?q=Hrabovsk%C3%A1+cesta+1,+Ru%C5%BEomberok&amp;hl=sk&amp;ie=UTF8&amp;sll=48.135866,17.115917&amp;sspn=0.27632,0.676346&amp;oq=Hrabovsk%C3%A1+cesta+1&amp;t=h&amp;hnear=Hrabovsk%C3%A1+cesta+1652%2F1,+034+01+Ru%C5%BEomberok&amp;z=16\">Univerzitn\u00e9 Pastora\u010dn\u00e9 Centrum<\/a> na Hrabovskej ceste 1, Za\u010diatok o 17:00 hod.<\/p>\n<p>4) 9. apr\u00edla 2014 v Banskej Bystrici.<br \/>\n<strong>\u00daSTAVN\u00c1 OCHRANA MAN\u017dELSTVA A RODINY, JE REFERENDUM NAOZAJ D\u00d4LE\u017dIT\u00c9?<\/strong><br \/>\n<em>JUDr. Martin Dilong<\/em><br \/>\nMiesto predn\u00e1\u0161ky: <a href=\"https:\/\/maps.google.sk\/maps?q=Diec%C3%A9zne+Centrum+J%C3%A1na+Pavla+II.,+Kapitulsk%C3%A1,+Bansk%C3%A1+Bystrica&amp;hl=sk&amp;ie=UTF8&amp;ll=48.734823,19.148054&amp;spn=0.008534,0.021136&amp;sll=48.135866,17.115917&amp;sspn=0.27632,0.676346&amp;oq=diecezne+&amp;t=h&amp;z=16\">Diec\u00e9zne Centrum J\u00e1na Pavla II.<\/a> na Kapitulskej ulici, Za\u010diatok o 19:00 hod.<\/p>\n<p>5) 7. m\u00e1ja 2014 v Trnave.<br \/>\n<strong>OCHRANA MAN\u017dELSTVA A RODINY<\/strong><br \/>\n<em>JUDr. Martin Dilong<\/em><br \/>\nMiesto predn\u00e1\u0161ky: <a href=\"https:\/\/maps.google.sk\/maps?q=%C5%A0tef%C3%A1nikova+45,+Trnava&#038;hl=sk&#038;ie=UTF8&#038;sll=48.135866,17.115917&#038;sspn=0.37851,0.617294&#038;oq=Stefanikova+45&#038;hnear=%C5%A0tef%C3%A1nikova+45,+917+01+Trnava&#038;t=m&#038;z=16\">jezuitsk\u00fd kostol<\/a> na \u0160tef\u00e1nikovej ulici, Za\u010diatok o 17:45 hod.<\/p>\n<p><em>Odborn\u00fd garant<\/em>: JUDr. Martin Dilong M.I.L , \u010dlen <a title=\"Predsedn\u00edctvo FVO\" href=\"http:\/\/fvo.sk\/wp\/?page_id=50\">predsedn\u00edctva<\/a> F\u00f3ra pre verejn\u00e9 ot\u00e1zky. \u00a0P\u00f4sobil v diplomacii na Slovensku a v Slovinsku. \u0160tudoval pr\u00e1vo na Slovensku a vo \u0160v\u00e9dsku kde sa venoval \u0161peci\u00e1lne problematike \u013eudsk\u00fdch pr\u00e1v.<\/p>\n","protected":false},"excerpt":{"rendered":"<p>F\u00f3rum pre verejn\u00e9 ot\u00e1zky v\u00a0spolupr\u00e1ci s\u00a0\u010fal\u0161\u00edmi in\u0161tit\u00faciami od\u0161tartoval cyklus verejn\u00fdch predn\u00e1\u0161ok a\u00a0diskusi\u00ed o skuto\u010dn\u00fdch \u013eudsk\u00fdch pr\u00e1vach s\u00a0pr\u00e1vnikom Martinom Dilongom. T\u00e9my: \u00fastavn\u00e1 ochrana man\u017eelstva a\u00a0rodiny, pr\u00e1va rodi\u010dov, Celo\u0161t\u00e1tna strat\u00e9gia \u013eudsk\u00fdch pr\u00e1v, probl\u00e9m gender (rodovej)\u00a0 ideol\u00f3gie, ochrana pr\u00e1v seniorov. Podujatia v\u00a0jednotliv\u00fdch slovensk\u00fdch mest\u00e1ch sa organizuj\u00fa v\u00a0spolupr\u00e1ci s\u00a0miestnymi in\u0161tit\u00faciami. Term\u00edny a\u00a0miesta konania budeme postupne dopl\u0148ova\u0165. 1)\u00a0 10. marca [&hellip;]<\/p>\n","protected":false},"author":2,"featured_media":0,"comment_status":"closed","ping_status":"closed","sticky":false,"template":"","format":"standard","meta":{"_monsterinsights_skip_tracking":false,"_monsterinsights_sitenote_active":false,"_monsterinsights_sitenote_note":"","_monsterinsights_sitenote_category":0,"footnotes":""},"categories":[5,6,7],"tags":[],"class_list":["post-406","post","type-post","status-publish","format-standard","hentry","category-politici","category-aktualne","category-clenovia-ine"],"yoast_head":"<!-- This site is optimized with the Yoast SEO plugin v23.4 - https:\/\/yoast.com\/wordpress\/plugins\/seo\/ -->\n<title>Cyklus predn\u00e1\u0161ok o \u013eudsk\u00fdch pr\u00e1vach - Forum pre verejne otazky<\/title>\n<meta name=\"robots\" content=\"index, follow, max-snippet:-1, max-image-preview:large, max-video-preview:-1\" \/>\n<link rel=\"canonical\" href=\"http:\/\/fvo.sk\/?p=406\" \/>\n<meta property=\"og:locale\" content=\"sk_SK\" \/>\n<meta property=\"og:type\" content=\"article\" \/>\n<meta property=\"og:title\" content=\"Cyklus predn\u00e1\u0161ok o \u013eudsk\u00fdch pr\u00e1vach - Forum pre verejne otazky\" \/>\n<meta property=\"og:description\" content=\"F\u00f3rum pre verejn\u00e9 ot\u00e1zky v\u00a0spolupr\u00e1ci s\u00a0\u010fal\u0161\u00edmi in\u0161tit\u00faciami od\u0161tartoval cyklus verejn\u00fdch predn\u00e1\u0161ok a\u00a0diskusi\u00ed o skuto\u010dn\u00fdch \u013eudsk\u00fdch pr\u00e1vach s\u00a0pr\u00e1vnikom Martinom Dilongom. T\u00e9my: \u00fastavn\u00e1 ochrana man\u017eelstva a\u00a0rodiny, pr\u00e1va rodi\u010dov, Celo\u0161t\u00e1tna strat\u00e9gia \u013eudsk\u00fdch pr\u00e1v, probl\u00e9m gender (rodovej)\u00a0 ideol\u00f3gie, ochrana pr\u00e1v seniorov. Podujatia v\u00a0jednotliv\u00fdch slovensk\u00fdch mest\u00e1ch sa organizuj\u00fa v\u00a0spolupr\u00e1ci s\u00a0miestnymi in\u0161tit\u00faciami. Term\u00edny a\u00a0miesta konania budeme postupne dopl\u0148ova\u0165. 1)\u00a0 10. marca [&hellip;]\" \/>\n<meta property=\"og:url\" content=\"http:\/\/fvo.sk\/?p=406\" \/>\n<meta property=\"og:site_name\" content=\"Forum pre verejne otazky\" \/>\n<meta property=\"article:published_time\" content=\"2014-03-06T11:40:38+00:00\" \/>\n<meta name=\"author\" content=\"fvo\" \/>\n<meta name=\"twitter:card\" content=\"summary_large_image\" \/>\n<meta name=\"twitter:label1\" content=\"Autor\" \/>\n\t<meta name=\"twitter:data1\" content=\"fvo\" \/>\n\t<meta name=\"twitter:label2\" content=\"Predpokladan\u00fd \u010das \u010d\u00edtania\" \/>\n\t<meta name=\"twitter:data2\" content=\"1 min\u00fata\" \/>\n<script type=\"application\/ld+json\" class=\"yoast-schema-graph\">{\"@context\":\"https:\/\/schema.org\",\"@graph\":[{\"@type\":\"WebPage\",\"@id\":\"http:\/\/fvo.sk\/?p=406\",\"url\":\"http:\/\/fvo.sk\/?p=406\",\"name\":\"Cyklus predn\u00e1\u0161ok o \u013eudsk\u00fdch pr\u00e1vach - Forum pre verejne otazky\",\"isPartOf\":{\"@id\":\"http:\/\/fvo.sk\/#website\"},\"datePublished\":\"2014-03-06T11:40:38+00:00\",\"dateModified\":\"2014-03-06T11:40:38+00:00\",\"author\":{\"@id\":\"http:\/\/fvo.sk\/#\/schema\/person\/20f27b08bd3767fc6266fa372f570204\"},\"breadcrumb\":{\"@id\":\"http:\/\/fvo.sk\/?p=406#breadcrumb\"},\"inLanguage\":\"sk-SK\",\"potentialAction\":[{\"@type\":\"ReadAction\",\"target\":[\"http:\/\/fvo.sk\/?p=406\"]}]},{\"@type\":\"BreadcrumbList\",\"@id\":\"http:\/\/fvo.sk\/?p=406#breadcrumb\",\"itemListElement\":[{\"@type\":\"ListItem\",\"position\":1,\"name\":\"Home\",\"item\":\"http:\/\/fvo.sk\/\"},{\"@type\":\"ListItem\",\"position\":2,\"name\":\"Cyklus predn\u00e1\u0161ok o \u013eudsk\u00fdch pr\u00e1vach\"}]},{\"@type\":\"WebSite\",\"@id\":\"http:\/\/fvo.sk\/#website\",\"url\":\"http:\/\/fvo.sk\/\",\"name\":\"Forum pre verejne otazky\",\"description\":\"\",\"potentialAction\":[{\"@type\":\"SearchAction\",\"target\":{\"@type\":\"EntryPoint\",\"urlTemplate\":\"http:\/\/fvo.sk\/?s={search_term_string}\"},\"query-input\":{\"@type\":\"PropertyValueSpecification\",\"valueRequired\":true,\"valueName\":\"search_term_string\"}}],\"inLanguage\":\"sk-SK\"},{\"@type\":\"Person\",\"@id\":\"http:\/\/fvo.sk\/#\/schema\/person\/20f27b08bd3767fc6266fa372f570204\",\"name\":\"fvo\",\"image\":{\"@type\":\"ImageObject\",\"inLanguage\":\"sk-SK\",\"@id\":\"http:\/\/fvo.sk\/#\/schema\/person\/image\/\",\"url\":\"http:\/\/0.gravatar.com\/avatar\/3e7a2cd6b5ae9e33f2a33aa09b4c6001?s=96&d=mm&r=g\",\"contentUrl\":\"http:\/\/0.gravatar.com\/avatar\/3e7a2cd6b5ae9e33f2a33aa09b4c6001?s=96&d=mm&r=g\",\"caption\":\"fvo\"},\"url\":\"http:\/\/fvo.sk\/?author=2\"}]}<\/script>\n<!-- \/ Yoast SEO plugin. -->","yoast_head_json":{"title":"Cyklus predn\u00e1\u0161ok o \u013eudsk\u00fdch pr\u00e1vach - Forum pre verejne otazky","robots":{"index":"index","follow":"follow","max-snippet":"max-snippet:-1","max-image-preview":"max-image-preview:large","max-video-preview":"max-video-preview:-1"},"canonical":"http:\/\/fvo.sk\/?p=406","og_locale":"sk_SK","og_type":"article","og_title":"Cyklus predn\u00e1\u0161ok o \u013eudsk\u00fdch pr\u00e1vach - Forum pre verejne otazky","og_description":"F\u00f3rum pre verejn\u00e9 ot\u00e1zky v\u00a0spolupr\u00e1ci s\u00a0\u010fal\u0161\u00edmi in\u0161tit\u00faciami od\u0161tartoval cyklus verejn\u00fdch predn\u00e1\u0161ok a\u00a0diskusi\u00ed o skuto\u010dn\u00fdch \u013eudsk\u00fdch pr\u00e1vach s\u00a0pr\u00e1vnikom Martinom Dilongom. T\u00e9my: \u00fastavn\u00e1 ochrana man\u017eelstva a\u00a0rodiny, pr\u00e1va rodi\u010dov, Celo\u0161t\u00e1tna strat\u00e9gia \u013eudsk\u00fdch pr\u00e1v, probl\u00e9m gender (rodovej)\u00a0 ideol\u00f3gie, ochrana pr\u00e1v seniorov. Podujatia v\u00a0jednotliv\u00fdch slovensk\u00fdch mest\u00e1ch sa organizuj\u00fa v\u00a0spolupr\u00e1ci s\u00a0miestnymi in\u0161tit\u00faciami. Term\u00edny a\u00a0miesta konania budeme postupne dopl\u0148ova\u0165. 1)\u00a0 10. marca [&hellip;]","og_url":"http:\/\/fvo.sk\/?p=406","og_site_name":"Forum pre verejne otazky","article_published_time":"2014-03-06T11:40:38+00:00","author":"fvo","twitter_card":"summary_large_image","twitter_misc":{"Autor":"fvo","Predpokladan\u00fd \u010das \u010d\u00edtania":"1 min\u00fata"},"schema":{"@context":"https:\/\/schema.org","@graph":[{"@type":"WebPage","@id":"http:\/\/fvo.sk\/?p=406","url":"http:\/\/fvo.sk\/?p=406","name":"Cyklus predn\u00e1\u0161ok o \u013eudsk\u00fdch pr\u00e1vach - Forum pre verejne otazky","isPartOf":{"@id":"http:\/\/fvo.sk\/#website"},"datePublished":"2014-03-06T11:40:38+00:00","dateModified":"2014-03-06T11:40:38+00:00","author":{"@id":"http:\/\/fvo.sk\/#\/schema\/person\/20f27b08bd3767fc6266fa372f570204"},"breadcrumb":{"@id":"http:\/\/fvo.sk\/?p=406#breadcrumb"},"inLanguage":"sk-SK","potentialAction":[{"@type":"ReadAction","target":["http:\/\/fvo.sk\/?p=406"]}]},{"@type":"BreadcrumbList","@id":"http:\/\/fvo.sk\/?p=406#breadcrumb","itemListElement":[{"@type":"ListItem","position":1,"name":"Home","item":"http:\/\/fvo.sk\/"},{"@type":"ListItem","position":2,"name":"Cyklus predn\u00e1\u0161ok o \u013eudsk\u00fdch pr\u00e1vach"}]},{"@type":"WebSite","@id":"http:\/\/fvo.sk\/#website","url":"http:\/\/fvo.sk\/","name":"Forum pre verejne otazky","description":"","potentialAction":[{"@type":"SearchAction","target":{"@type":"EntryPoint","urlTemplate":"http:\/\/fvo.sk\/?s={search_term_string}"},"query-input":{"@type":"PropertyValueSpecification","valueRequired":true,"valueName":"search_term_string"}}],"inLanguage":"sk-SK"},{"@type":"Person","@id":"http:\/\/fvo.sk\/#\/schema\/person\/20f27b08bd3767fc6266fa372f570204","name":"fvo","image":{"@type":"ImageObject","inLanguage":"sk-SK","@id":"http:\/\/fvo.sk\/#\/schema\/person\/image\/","url":"http:\/\/0.gravatar.com\/avatar\/3e7a2cd6b5ae9e33f2a33aa09b4c6001?s=96&d=mm&r=g","contentUrl":"http:\/\/0.gravatar.com\/avatar\/3e7a2cd6b5ae9e33f2a33aa09b4c6001?s=96&d=mm&r=g","caption":"fvo"},"url":"http:\/\/fvo.sk\/?author=2"}]}},"_links":{"self":[{"href":"http:\/\/fvo.sk\/index.php?rest_route=\/wp\/v2\/posts\/406"}],"collection":[{"href":"http:\/\/fvo.sk\/index.php?rest_route=\/wp\/v2\/posts"}],"about":[{"href":"http:\/\/fvo.sk\/index.php?rest_route=\/wp\/v2\/types\/post"}],"author":[{"embeddable":true,"href":"http:\/\/fvo.sk\/index.php?rest_route=\/wp\/v2\/users\/2"}],"replies":[{"embeddable":true,"href":"http:\/\/fvo.sk\/index.php?rest_route=%2Fwp%2Fv2%2Fcomments&post=406"}],"version-history":[{"count":0,"href":"http:\/\/fvo.sk\/index.php?rest_route=\/wp\/v2\/posts\/406\/revisions"}],"wp:attachment":[{"href":"http:\/\/fvo.sk\/index.php?rest_route=%2Fwp%2Fv2%2Fmedia&parent=406"}],"wp:term":[{"taxonomy":"category","embeddable":true,"href":"http:\/\/fvo.sk\/index.php?rest_route=%2Fwp%2Fv2%2Fcategories&post=406"},{"taxonomy":"post_tag","embeddable":true,"href":"http:\/\/fvo.sk\/index.php?rest_route=%2Fwp%2Fv2%2Ftags&post=406"}],"curies":[{"name":"wp","href":"https:\/\/api.w.org\/{rel}","templated":true}]}}