{"id":586,"date":"2017-09-27T17:35:13","date_gmt":"2017-09-27T15:35:13","guid":{"rendered":"http:\/\/fvo.sk\/wp\/?p=586"},"modified":"2017-09-27T17:35:13","modified_gmt":"2017-09-27T15:35:13","slug":"konferencia-europsky-extremizmus-ako-hrozba-priznak-sanca","status":"publish","type":"post","link":"http:\/\/fvo.sk\/?p=586","title":{"rendered":"Konferencia: Eur\u00f3psky extr\u00e9mizmus ako hrozba, pr\u00edznak,&#8230; \u0161anca?"},"content":{"rendered":"<p>V cykle konferenci\u00ed V\u00fdchova a vzdel\u00e1vanie ako n\u00e1stroj (de)formovania hodnotov\u00e9ho syst\u00e9mu spolo\u010dnosti, ktor\u00e9 F\u00f3rum pre verejn\u00e9 ot\u00e1zky spoluorganizuje u\u017e mnoho rokov sa tento rok budeme zaobera\u0165 ot\u00e1zkou n\u00e1bo\u017eenskej slobody v Eur\u00f3pe a vo svete a tie\u017e p\u00e1l\u010div\u00fdm probl\u00e9mom extr\u00e9mizmu.<\/p>\n<p>Konferencia sa bude kona\u0165 v priestoroch Katol\u00edckej univerzity v Ru\u017eomberku 18. okt\u00f3bra 2017.<\/p>\n<p><a href=\"http:\/\/fvo.sk\/wp-content\/uploads\/2017\/10\/PozvankaKonferenciaFVO_v6.pdf\">Pozv\u00e1nka<\/a><\/p>\n<p><a href=\"http:\/\/goo.gl\/Py84cB\">Prihlasovac\u00ed formul\u00e1r<\/a> <\/p>\n","protected":false},"excerpt":{"rendered":"<p>V cykle konferenci\u00ed V\u00fdchova a vzdel\u00e1vanie ako n\u00e1stroj (de)formovania hodnotov\u00e9ho syst\u00e9mu spolo\u010dnosti, ktor\u00e9 F\u00f3rum pre verejn\u00e9 ot\u00e1zky spoluorganizuje u\u017e mnoho rokov sa tento rok budeme zaobera\u0165 ot\u00e1zkou n\u00e1bo\u017eenskej slobody v Eur\u00f3pe a vo svete a tie\u017e p\u00e1l\u010div\u00fdm probl\u00e9mom extr\u00e9mizmu. Konferencia sa bude kona\u0165 v priestoroch Katol\u00edckej univerzity v Ru\u017eomberku 18. okt\u00f3bra 2017. Pozv\u00e1nka Prihlasovac\u00ed formul\u00e1r<\/p>\n","protected":false},"author":2,"featured_media":0,"comment_status":"closed","ping_status":"closed","sticky":false,"template":"","format":"standard","meta":{"_monsterinsights_skip_tracking":false,"_monsterinsights_sitenote_active":false,"_monsterinsights_sitenote_note":"","_monsterinsights_sitenote_category":0,"footnotes":""},"categories":[6,9],"tags":[],"class_list":["post-586","post","type-post","status-publish","format-standard","hentry","category-aktualne","category-konferencie"],"yoast_head":"<!-- This site is optimized with the Yoast SEO plugin v23.4 - https:\/\/yoast.com\/wordpress\/plugins\/seo\/ -->\n<title>Konferencia: Eur\u00f3psky extr\u00e9mizmus ako hrozba, pr\u00edznak,... \u0161anca? - Forum pre verejne otazky<\/title>\n<meta name=\"robots\" content=\"index, follow, max-snippet:-1, max-image-preview:large, max-video-preview:-1\" \/>\n<link rel=\"canonical\" href=\"https:\/\/fvo.sk\/?p=586\" \/>\n<meta property=\"og:locale\" content=\"sk_SK\" \/>\n<meta property=\"og:type\" content=\"article\" \/>\n<meta property=\"og:title\" content=\"Konferencia: Eur\u00f3psky extr\u00e9mizmus ako hrozba, pr\u00edznak,... \u0161anca? - Forum pre verejne otazky\" \/>\n<meta property=\"og:description\" content=\"V cykle konferenci\u00ed V\u00fdchova a vzdel\u00e1vanie ako n\u00e1stroj (de)formovania hodnotov\u00e9ho syst\u00e9mu spolo\u010dnosti, ktor\u00e9 F\u00f3rum pre verejn\u00e9 ot\u00e1zky spoluorganizuje u\u017e mnoho rokov sa tento rok budeme zaobera\u0165 ot\u00e1zkou n\u00e1bo\u017eenskej slobody v Eur\u00f3pe a vo svete a tie\u017e p\u00e1l\u010div\u00fdm probl\u00e9mom extr\u00e9mizmu. Konferencia sa bude kona\u0165 v priestoroch Katol\u00edckej univerzity v Ru\u017eomberku 18. okt\u00f3bra 2017. Pozv\u00e1nka Prihlasovac\u00ed formul\u00e1r\" \/>\n<meta property=\"og:url\" content=\"https:\/\/fvo.sk\/?p=586\" \/>\n<meta property=\"og:site_name\" content=\"Forum pre verejne otazky\" \/>\n<meta property=\"article:published_time\" content=\"2017-09-27T15:35:13+00:00\" \/>\n<meta name=\"author\" content=\"fvo\" \/>\n<meta name=\"twitter:card\" content=\"summary_large_image\" \/>\n<meta name=\"twitter:label1\" content=\"Autor\" \/>\n\t<meta name=\"twitter:data1\" content=\"fvo\" \/>\n<script type=\"application\/ld+json\" class=\"yoast-schema-graph\">{\"@context\":\"https:\/\/schema.org\",\"@graph\":[{\"@type\":\"WebPage\",\"@id\":\"https:\/\/fvo.sk\/?p=586\",\"url\":\"https:\/\/fvo.sk\/?p=586\",\"name\":\"Konferencia: Eur\u00f3psky extr\u00e9mizmus ako hrozba, pr\u00edznak,... \u0161anca? - Forum pre verejne otazky\",\"isPartOf\":{\"@id\":\"http:\/\/fvo.sk\/#website\"},\"datePublished\":\"2017-09-27T15:35:13+00:00\",\"dateModified\":\"2017-09-27T15:35:13+00:00\",\"author\":{\"@id\":\"http:\/\/fvo.sk\/#\/schema\/person\/20f27b08bd3767fc6266fa372f570204\"},\"breadcrumb\":{\"@id\":\"https:\/\/fvo.sk\/?p=586#breadcrumb\"},\"inLanguage\":\"sk-SK\",\"potentialAction\":[{\"@type\":\"ReadAction\",\"target\":[\"https:\/\/fvo.sk\/?p=586\"]}]},{\"@type\":\"BreadcrumbList\",\"@id\":\"https:\/\/fvo.sk\/?p=586#breadcrumb\",\"itemListElement\":[{\"@type\":\"ListItem\",\"position\":1,\"name\":\"Home\",\"item\":\"http:\/\/fvo.sk\/\"},{\"@type\":\"ListItem\",\"position\":2,\"name\":\"Konferencia: Eur\u00f3psky extr\u00e9mizmus ako hrozba, pr\u00edznak,&#8230; \u0161anca?\"}]},{\"@type\":\"WebSite\",\"@id\":\"http:\/\/fvo.sk\/#website\",\"url\":\"http:\/\/fvo.sk\/\",\"name\":\"Forum pre verejne otazky\",\"description\":\"\",\"potentialAction\":[{\"@type\":\"SearchAction\",\"target\":{\"@type\":\"EntryPoint\",\"urlTemplate\":\"http:\/\/fvo.sk\/?s={search_term_string}\"},\"query-input\":{\"@type\":\"PropertyValueSpecification\",\"valueRequired\":true,\"valueName\":\"search_term_string\"}}],\"inLanguage\":\"sk-SK\"},{\"@type\":\"Person\",\"@id\":\"http:\/\/fvo.sk\/#\/schema\/person\/20f27b08bd3767fc6266fa372f570204\",\"name\":\"fvo\",\"image\":{\"@type\":\"ImageObject\",\"inLanguage\":\"sk-SK\",\"@id\":\"http:\/\/fvo.sk\/#\/schema\/person\/image\/\",\"url\":\"http:\/\/0.gravatar.com\/avatar\/3e7a2cd6b5ae9e33f2a33aa09b4c6001?s=96&d=mm&r=g\",\"contentUrl\":\"http:\/\/0.gravatar.com\/avatar\/3e7a2cd6b5ae9e33f2a33aa09b4c6001?s=96&d=mm&r=g\",\"caption\":\"fvo\"},\"url\":\"http:\/\/fvo.sk\/?author=2\"}]}<\/script>\n<!-- \/ Yoast SEO plugin. -->","yoast_head_json":{"title":"Konferencia: Eur\u00f3psky extr\u00e9mizmus ako hrozba, pr\u00edznak,... \u0161anca? - Forum pre verejne otazky","robots":{"index":"index","follow":"follow","max-snippet":"max-snippet:-1","max-image-preview":"max-image-preview:large","max-video-preview":"max-video-preview:-1"},"canonical":"https:\/\/fvo.sk\/?p=586","og_locale":"sk_SK","og_type":"article","og_title":"Konferencia: Eur\u00f3psky extr\u00e9mizmus ako hrozba, pr\u00edznak,... \u0161anca? - Forum pre verejne otazky","og_description":"V cykle konferenci\u00ed V\u00fdchova a vzdel\u00e1vanie ako n\u00e1stroj (de)formovania hodnotov\u00e9ho syst\u00e9mu spolo\u010dnosti, ktor\u00e9 F\u00f3rum pre verejn\u00e9 ot\u00e1zky spoluorganizuje u\u017e mnoho rokov sa tento rok budeme zaobera\u0165 ot\u00e1zkou n\u00e1bo\u017eenskej slobody v Eur\u00f3pe a vo svete a tie\u017e p\u00e1l\u010div\u00fdm probl\u00e9mom extr\u00e9mizmu. Konferencia sa bude kona\u0165 v priestoroch Katol\u00edckej univerzity v Ru\u017eomberku 18. okt\u00f3bra 2017. Pozv\u00e1nka Prihlasovac\u00ed formul\u00e1r","og_url":"https:\/\/fvo.sk\/?p=586","og_site_name":"Forum pre verejne otazky","article_published_time":"2017-09-27T15:35:13+00:00","author":"fvo","twitter_card":"summary_large_image","twitter_misc":{"Autor":"fvo"},"schema":{"@context":"https:\/\/schema.org","@graph":[{"@type":"WebPage","@id":"https:\/\/fvo.sk\/?p=586","url":"https:\/\/fvo.sk\/?p=586","name":"Konferencia: Eur\u00f3psky extr\u00e9mizmus ako hrozba, pr\u00edznak,... \u0161anca? - Forum pre verejne otazky","isPartOf":{"@id":"http:\/\/fvo.sk\/#website"},"datePublished":"2017-09-27T15:35:13+00:00","dateModified":"2017-09-27T15:35:13+00:00","author":{"@id":"http:\/\/fvo.sk\/#\/schema\/person\/20f27b08bd3767fc6266fa372f570204"},"breadcrumb":{"@id":"https:\/\/fvo.sk\/?p=586#breadcrumb"},"inLanguage":"sk-SK","potentialAction":[{"@type":"ReadAction","target":["https:\/\/fvo.sk\/?p=586"]}]},{"@type":"BreadcrumbList","@id":"https:\/\/fvo.sk\/?p=586#breadcrumb","itemListElement":[{"@type":"ListItem","position":1,"name":"Home","item":"http:\/\/fvo.sk\/"},{"@type":"ListItem","position":2,"name":"Konferencia: Eur\u00f3psky extr\u00e9mizmus ako hrozba, pr\u00edznak,&#8230; \u0161anca?"}]},{"@type":"WebSite","@id":"http:\/\/fvo.sk\/#website","url":"http:\/\/fvo.sk\/","name":"Forum pre verejne otazky","description":"","potentialAction":[{"@type":"SearchAction","target":{"@type":"EntryPoint","urlTemplate":"http:\/\/fvo.sk\/?s={search_term_string}"},"query-input":{"@type":"PropertyValueSpecification","valueRequired":true,"valueName":"search_term_string"}}],"inLanguage":"sk-SK"},{"@type":"Person","@id":"http:\/\/fvo.sk\/#\/schema\/person\/20f27b08bd3767fc6266fa372f570204","name":"fvo","image":{"@type":"ImageObject","inLanguage":"sk-SK","@id":"http:\/\/fvo.sk\/#\/schema\/person\/image\/","url":"http:\/\/0.gravatar.com\/avatar\/3e7a2cd6b5ae9e33f2a33aa09b4c6001?s=96&d=mm&r=g","contentUrl":"http:\/\/0.gravatar.com\/avatar\/3e7a2cd6b5ae9e33f2a33aa09b4c6001?s=96&d=mm&r=g","caption":"fvo"},"url":"http:\/\/fvo.sk\/?author=2"}]}},"_links":{"self":[{"href":"http:\/\/fvo.sk\/index.php?rest_route=\/wp\/v2\/posts\/586"}],"collection":[{"href":"http:\/\/fvo.sk\/index.php?rest_route=\/wp\/v2\/posts"}],"about":[{"href":"http:\/\/fvo.sk\/index.php?rest_route=\/wp\/v2\/types\/post"}],"author":[{"embeddable":true,"href":"http:\/\/fvo.sk\/index.php?rest_route=\/wp\/v2\/users\/2"}],"replies":[{"embeddable":true,"href":"http:\/\/fvo.sk\/index.php?rest_route=%2Fwp%2Fv2%2Fcomments&post=586"}],"version-history":[{"count":0,"href":"http:\/\/fvo.sk\/index.php?rest_route=\/wp\/v2\/posts\/586\/revisions"}],"wp:attachment":[{"href":"http:\/\/fvo.sk\/index.php?rest_route=%2Fwp%2Fv2%2Fmedia&parent=586"}],"wp:term":[{"taxonomy":"category","embeddable":true,"href":"http:\/\/fvo.sk\/index.php?rest_route=%2Fwp%2Fv2%2Fcategories&post=586"},{"taxonomy":"post_tag","embeddable":true,"href":"http:\/\/fvo.sk\/index.php?rest_route=%2Fwp%2Fv2%2Ftags&post=586"}],"curies":[{"name":"wp","href":"https:\/\/api.w.org\/{rel}","templated":true}]}}