{"id":550,"date":"2016-07-08T14:45:28","date_gmt":"2016-07-08T12:45:28","guid":{"rendered":"http:\/\/fvo.sk\/wp\/?p=550"},"modified":"2016-07-08T14:45:28","modified_gmt":"2016-07-08T12:45:28","slug":"okruhly-stol-diskutujme-spolu-o-ludskych-pravach","status":"publish","type":"post","link":"https:\/\/fvo.sk\/?p=550","title":{"rendered":"Okr\u00fahly st\u00f4l: Diskutujme spolu o \u013eudsk\u00fdch pr\u00e1vach"},"content":{"rendered":"<p>In\u0161tit\u00fat pre pr\u00e1cu, vzdel\u00e1vanie a rodinu spolu s F\u00f3rom pre verejn\u00e9 ot\u00e1zky poz\u00fdvaj\u00fa na okr\u00fahly st\u00f4l: <em>Diskutujme spolu o \u013eudsk\u00fdch pr\u00e1vach<\/em>.<br \/>\nJedn\u00e1 sa o prv\u00e9 z troch pl\u00e1novan\u00fdch stretnut\u00ed na t\u00fato t\u00e9mu.<br \/>\nBude kona\u0165<br \/>\n<strong>11. j\u00fala 2016 (pondelok)<\/strong><br \/>\nv DOME <strong>QUO VADIS<\/strong> v Bratislave, Vetern\u00e1 1<\/p>\n<p><a href=\"http:\/\/fvo.sk\/wp-content\/uploads\/2016\/07\/OkruhlyStolLudskePrava_11072016.pdf\">Viac inform\u00e1ci\u00ed<\/a><\/p>\n","protected":false},"excerpt":{"rendered":"<p>In\u0161tit\u00fat pre pr\u00e1cu, vzdel\u00e1vanie a rodinu spolu s F\u00f3rom pre verejn\u00e9 ot\u00e1zky poz\u00fdvaj\u00fa na okr\u00fahly st\u00f4l: Diskutujme spolu o \u013eudsk\u00fdch pr\u00e1vach. Jedn\u00e1 sa o prv\u00e9 z troch pl\u00e1novan\u00fdch stretnut\u00ed na t\u00fato t\u00e9mu. Bude kona\u0165 11. j\u00fala 2016 (pondelok) v DOME QUO VADIS v Bratislave, Vetern\u00e1 1 Viac inform\u00e1ci\u00ed<\/p>\n","protected":false},"author":2,"featured_media":0,"comment_status":"closed","ping_status":"closed","sticky":false,"template":"","format":"standard","meta":{"_monsterinsights_skip_tracking":false,"_monsterinsights_sitenote_active":false,"_monsterinsights_sitenote_note":"","_monsterinsights_sitenote_category":0,"footnotes":""},"categories":[6,7,8],"tags":[],"class_list":["post-550","post","type-post","status-publish","format-standard","hentry","category-aktualne","category-clenovia-ine","category-fvo-ine"],"yoast_head":"<!-- This site is optimized with the Yoast SEO plugin v23.4 - https:\/\/yoast.com\/wordpress\/plugins\/seo\/ -->\n<title>Okr\u00fahly st\u00f4l: Diskutujme spolu o \u013eudsk\u00fdch pr\u00e1vach - Forum pre verejne otazky<\/title>\n<meta name=\"robots\" content=\"index, follow, max-snippet:-1, max-image-preview:large, max-video-preview:-1\" \/>\n<link rel=\"canonical\" href=\"https:\/\/fvo.sk\/?p=550\" \/>\n<meta property=\"og:locale\" content=\"sk_SK\" \/>\n<meta property=\"og:type\" content=\"article\" \/>\n<meta property=\"og:title\" content=\"Okr\u00fahly st\u00f4l: Diskutujme spolu o \u013eudsk\u00fdch pr\u00e1vach - Forum pre verejne otazky\" \/>\n<meta property=\"og:description\" content=\"In\u0161tit\u00fat pre pr\u00e1cu, vzdel\u00e1vanie a rodinu spolu s F\u00f3rom pre verejn\u00e9 ot\u00e1zky poz\u00fdvaj\u00fa na okr\u00fahly st\u00f4l: Diskutujme spolu o \u013eudsk\u00fdch pr\u00e1vach. Jedn\u00e1 sa o prv\u00e9 z troch pl\u00e1novan\u00fdch stretnut\u00ed na t\u00fato t\u00e9mu. Bude kona\u0165 11. j\u00fala 2016 (pondelok) v DOME QUO VADIS v Bratislave, Vetern\u00e1 1 Viac inform\u00e1ci\u00ed\" \/>\n<meta property=\"og:url\" content=\"https:\/\/fvo.sk\/?p=550\" \/>\n<meta property=\"og:site_name\" content=\"Forum pre verejne otazky\" \/>\n<meta property=\"article:published_time\" content=\"2016-07-08T12:45:28+00:00\" \/>\n<meta name=\"author\" content=\"fvo\" \/>\n<meta name=\"twitter:card\" content=\"summary_large_image\" \/>\n<meta name=\"twitter:label1\" content=\"Autor\" \/>\n\t<meta name=\"twitter:data1\" content=\"fvo\" \/>\n<script type=\"application\/ld+json\" class=\"yoast-schema-graph\">{\"@context\":\"https:\/\/schema.org\",\"@graph\":[{\"@type\":\"WebPage\",\"@id\":\"https:\/\/fvo.sk\/?p=550\",\"url\":\"https:\/\/fvo.sk\/?p=550\",\"name\":\"Okr\u00fahly st\u00f4l: Diskutujme spolu o \u013eudsk\u00fdch pr\u00e1vach - Forum pre verejne otazky\",\"isPartOf\":{\"@id\":\"http:\/\/fvo.sk\/#website\"},\"datePublished\":\"2016-07-08T12:45:28+00:00\",\"dateModified\":\"2016-07-08T12:45:28+00:00\",\"author\":{\"@id\":\"http:\/\/fvo.sk\/#\/schema\/person\/20f27b08bd3767fc6266fa372f570204\"},\"breadcrumb\":{\"@id\":\"https:\/\/fvo.sk\/?p=550#breadcrumb\"},\"inLanguage\":\"sk-SK\",\"potentialAction\":[{\"@type\":\"ReadAction\",\"target\":[\"https:\/\/fvo.sk\/?p=550\"]}]},{\"@type\":\"BreadcrumbList\",\"@id\":\"https:\/\/fvo.sk\/?p=550#breadcrumb\",\"itemListElement\":[{\"@type\":\"ListItem\",\"position\":1,\"name\":\"Home\",\"item\":\"http:\/\/fvo.sk\/\"},{\"@type\":\"ListItem\",\"position\":2,\"name\":\"Okr\u00fahly st\u00f4l: Diskutujme spolu o \u013eudsk\u00fdch pr\u00e1vach\"}]},{\"@type\":\"WebSite\",\"@id\":\"http:\/\/fvo.sk\/#website\",\"url\":\"http:\/\/fvo.sk\/\",\"name\":\"Forum pre verejne otazky\",\"description\":\"\",\"potentialAction\":[{\"@type\":\"SearchAction\",\"target\":{\"@type\":\"EntryPoint\",\"urlTemplate\":\"http:\/\/fvo.sk\/?s={search_term_string}\"},\"query-input\":{\"@type\":\"PropertyValueSpecification\",\"valueRequired\":true,\"valueName\":\"search_term_string\"}}],\"inLanguage\":\"sk-SK\"},{\"@type\":\"Person\",\"@id\":\"http:\/\/fvo.sk\/#\/schema\/person\/20f27b08bd3767fc6266fa372f570204\",\"name\":\"fvo\",\"image\":{\"@type\":\"ImageObject\",\"inLanguage\":\"sk-SK\",\"@id\":\"http:\/\/fvo.sk\/#\/schema\/person\/image\/\",\"url\":\"https:\/\/secure.gravatar.com\/avatar\/3e7a2cd6b5ae9e33f2a33aa09b4c6001?s=96&d=mm&r=g\",\"contentUrl\":\"https:\/\/secure.gravatar.com\/avatar\/3e7a2cd6b5ae9e33f2a33aa09b4c6001?s=96&d=mm&r=g\",\"caption\":\"fvo\"},\"url\":\"https:\/\/fvo.sk\/?author=2\"}]}<\/script>\n<!-- \/ Yoast SEO plugin. -->","yoast_head_json":{"title":"Okr\u00fahly st\u00f4l: Diskutujme spolu o \u013eudsk\u00fdch pr\u00e1vach - Forum pre verejne otazky","robots":{"index":"index","follow":"follow","max-snippet":"max-snippet:-1","max-image-preview":"max-image-preview:large","max-video-preview":"max-video-preview:-1"},"canonical":"https:\/\/fvo.sk\/?p=550","og_locale":"sk_SK","og_type":"article","og_title":"Okr\u00fahly st\u00f4l: Diskutujme spolu o \u013eudsk\u00fdch pr\u00e1vach - Forum pre verejne otazky","og_description":"In\u0161tit\u00fat pre pr\u00e1cu, vzdel\u00e1vanie a rodinu spolu s F\u00f3rom pre verejn\u00e9 ot\u00e1zky poz\u00fdvaj\u00fa na okr\u00fahly st\u00f4l: Diskutujme spolu o \u013eudsk\u00fdch pr\u00e1vach. Jedn\u00e1 sa o prv\u00e9 z troch pl\u00e1novan\u00fdch stretnut\u00ed na t\u00fato t\u00e9mu. Bude kona\u0165 11. j\u00fala 2016 (pondelok) v DOME QUO VADIS v Bratislave, Vetern\u00e1 1 Viac inform\u00e1ci\u00ed","og_url":"https:\/\/fvo.sk\/?p=550","og_site_name":"Forum pre verejne otazky","article_published_time":"2016-07-08T12:45:28+00:00","author":"fvo","twitter_card":"summary_large_image","twitter_misc":{"Autor":"fvo"},"schema":{"@context":"https:\/\/schema.org","@graph":[{"@type":"WebPage","@id":"https:\/\/fvo.sk\/?p=550","url":"https:\/\/fvo.sk\/?p=550","name":"Okr\u00fahly st\u00f4l: Diskutujme spolu o \u013eudsk\u00fdch pr\u00e1vach - Forum pre verejne otazky","isPartOf":{"@id":"http:\/\/fvo.sk\/#website"},"datePublished":"2016-07-08T12:45:28+00:00","dateModified":"2016-07-08T12:45:28+00:00","author":{"@id":"http:\/\/fvo.sk\/#\/schema\/person\/20f27b08bd3767fc6266fa372f570204"},"breadcrumb":{"@id":"https:\/\/fvo.sk\/?p=550#breadcrumb"},"inLanguage":"sk-SK","potentialAction":[{"@type":"ReadAction","target":["https:\/\/fvo.sk\/?p=550"]}]},{"@type":"BreadcrumbList","@id":"https:\/\/fvo.sk\/?p=550#breadcrumb","itemListElement":[{"@type":"ListItem","position":1,"name":"Home","item":"http:\/\/fvo.sk\/"},{"@type":"ListItem","position":2,"name":"Okr\u00fahly st\u00f4l: Diskutujme spolu o \u013eudsk\u00fdch pr\u00e1vach"}]},{"@type":"WebSite","@id":"http:\/\/fvo.sk\/#website","url":"http:\/\/fvo.sk\/","name":"Forum pre verejne otazky","description":"","potentialAction":[{"@type":"SearchAction","target":{"@type":"EntryPoint","urlTemplate":"http:\/\/fvo.sk\/?s={search_term_string}"},"query-input":{"@type":"PropertyValueSpecification","valueRequired":true,"valueName":"search_term_string"}}],"inLanguage":"sk-SK"},{"@type":"Person","@id":"http:\/\/fvo.sk\/#\/schema\/person\/20f27b08bd3767fc6266fa372f570204","name":"fvo","image":{"@type":"ImageObject","inLanguage":"sk-SK","@id":"http:\/\/fvo.sk\/#\/schema\/person\/image\/","url":"https:\/\/secure.gravatar.com\/avatar\/3e7a2cd6b5ae9e33f2a33aa09b4c6001?s=96&d=mm&r=g","contentUrl":"https:\/\/secure.gravatar.com\/avatar\/3e7a2cd6b5ae9e33f2a33aa09b4c6001?s=96&d=mm&r=g","caption":"fvo"},"url":"https:\/\/fvo.sk\/?author=2"}]}},"_links":{"self":[{"href":"https:\/\/fvo.sk\/index.php?rest_route=\/wp\/v2\/posts\/550"}],"collection":[{"href":"https:\/\/fvo.sk\/index.php?rest_route=\/wp\/v2\/posts"}],"about":[{"href":"https:\/\/fvo.sk\/index.php?rest_route=\/wp\/v2\/types\/post"}],"author":[{"embeddable":true,"href":"https:\/\/fvo.sk\/index.php?rest_route=\/wp\/v2\/users\/2"}],"replies":[{"embeddable":true,"href":"https:\/\/fvo.sk\/index.php?rest_route=%2Fwp%2Fv2%2Fcomments&post=550"}],"version-history":[{"count":0,"href":"https:\/\/fvo.sk\/index.php?rest_route=\/wp\/v2\/posts\/550\/revisions"}],"wp:attachment":[{"href":"https:\/\/fvo.sk\/index.php?rest_route=%2Fwp%2Fv2%2Fmedia&parent=550"}],"wp:term":[{"taxonomy":"category","embeddable":true,"href":"https:\/\/fvo.sk\/index.php?rest_route=%2Fwp%2Fv2%2Fcategories&post=550"},{"taxonomy":"post_tag","embeddable":true,"href":"https:\/\/fvo.sk\/index.php?rest_route=%2Fwp%2Fv2%2Ftags&post=550"}],"curies":[{"name":"wp","href":"https:\/\/api.w.org\/{rel}","templated":true}]}}