{"id":601,"date":"2015-07-16T18:25:40","date_gmt":"2015-07-16T16:25:40","guid":{"rendered":"http:\/\/fvo.sk\/wp\/?p=601"},"modified":"2015-07-16T18:25:40","modified_gmt":"2015-07-16T16:25:40","slug":"predsednictvo-fvo-2015","status":"publish","type":"post","link":"https:\/\/fvo.sk\/?p=601","title":{"rendered":"Predsedn\u00edctvo FVO 2015"},"content":{"rendered":"<p>Predsedn\u00edctvo FVO, ako bolo zvolen\u00e9 na Valnom zhroma\u017eden\u00ed 26. janu\u00e1ra 2015:<\/p>\n<p>Michal Makovn\u00edk- predseda<br \/>\nMartin Dilong &#8211; podpredseda<br \/>\nM\u00e1ria Guregov\u00e1, Pavol Kossey, Ter\u00e9zia Ron\u010d\u00e1kov\u00e1 &#8211; \u010dlenovia predsedn\u00edctva<\/p>\n<p>Kontroln\u00e1 komisia:<br \/>\nErnest G\u00e9ze &#8211; predseda<br \/>\nLucia Dr\u00e1bikov\u00e1, J\u00e1n Koprda &#8211; \u010dlenovia<\/p>\n","protected":false},"excerpt":{"rendered":"<p>Predsedn\u00edctvo FVO, ako bolo zvolen\u00e9 na Valnom zhroma\u017eden\u00ed 26. janu\u00e1ra 2015: Michal Makovn\u00edk- predseda Martin Dilong &#8211; podpredseda M\u00e1ria Guregov\u00e1, Pavol Kossey, Ter\u00e9zia Ron\u010d\u00e1kov\u00e1 &#8211; \u010dlenovia predsedn\u00edctva Kontroln\u00e1 komisia: Ernest G\u00e9ze &#8211; predseda Lucia Dr\u00e1bikov\u00e1, J\u00e1n Koprda &#8211; \u010dlenovia<\/p>\n","protected":false},"author":2,"featured_media":0,"comment_status":"closed","ping_status":"closed","sticky":false,"template":"","format":"standard","meta":{"_monsterinsights_skip_tracking":false,"_monsterinsights_sitenote_active":false,"_monsterinsights_sitenote_note":"","_monsterinsights_sitenote_category":0,"footnotes":""},"categories":[10],"tags":[],"class_list":["post-601","post","type-post","status-publish","format-standard","hentry","category-o-fvo"],"yoast_head":"<!-- This site is optimized with the Yoast SEO plugin v23.4 - https:\/\/yoast.com\/wordpress\/plugins\/seo\/ -->\n<title>Predsedn\u00edctvo FVO 2015 - Forum pre verejne otazky<\/title>\n<meta name=\"robots\" content=\"index, follow, max-snippet:-1, max-image-preview:large, max-video-preview:-1\" \/>\n<link rel=\"canonical\" href=\"https:\/\/fvo.sk\/?p=601\" \/>\n<meta property=\"og:locale\" content=\"sk_SK\" \/>\n<meta property=\"og:type\" content=\"article\" \/>\n<meta property=\"og:title\" content=\"Predsedn\u00edctvo FVO 2015 - Forum pre verejne otazky\" \/>\n<meta property=\"og:description\" content=\"Predsedn\u00edctvo FVO, ako bolo zvolen\u00e9 na Valnom zhroma\u017eden\u00ed 26. janu\u00e1ra 2015: Michal Makovn\u00edk- predseda Martin Dilong &#8211; podpredseda M\u00e1ria Guregov\u00e1, Pavol Kossey, Ter\u00e9zia Ron\u010d\u00e1kov\u00e1 &#8211; \u010dlenovia predsedn\u00edctva Kontroln\u00e1 komisia: Ernest G\u00e9ze &#8211; predseda Lucia Dr\u00e1bikov\u00e1, J\u00e1n Koprda &#8211; \u010dlenovia\" \/>\n<meta property=\"og:url\" content=\"https:\/\/fvo.sk\/?p=601\" \/>\n<meta property=\"og:site_name\" content=\"Forum pre verejne otazky\" \/>\n<meta property=\"article:published_time\" content=\"2015-07-16T16:25:40+00:00\" \/>\n<meta name=\"author\" content=\"fvo\" \/>\n<meta name=\"twitter:card\" content=\"summary_large_image\" \/>\n<meta name=\"twitter:label1\" content=\"Autor\" \/>\n\t<meta name=\"twitter:data1\" content=\"fvo\" \/>\n<script type=\"application\/ld+json\" class=\"yoast-schema-graph\">{\"@context\":\"https:\/\/schema.org\",\"@graph\":[{\"@type\":\"WebPage\",\"@id\":\"https:\/\/fvo.sk\/?p=601\",\"url\":\"https:\/\/fvo.sk\/?p=601\",\"name\":\"Predsedn\u00edctvo FVO 2015 - Forum pre verejne otazky\",\"isPartOf\":{\"@id\":\"http:\/\/fvo.sk\/#website\"},\"datePublished\":\"2015-07-16T16:25:40+00:00\",\"dateModified\":\"2015-07-16T16:25:40+00:00\",\"author\":{\"@id\":\"http:\/\/fvo.sk\/#\/schema\/person\/20f27b08bd3767fc6266fa372f570204\"},\"breadcrumb\":{\"@id\":\"https:\/\/fvo.sk\/?p=601#breadcrumb\"},\"inLanguage\":\"sk-SK\",\"potentialAction\":[{\"@type\":\"ReadAction\",\"target\":[\"https:\/\/fvo.sk\/?p=601\"]}]},{\"@type\":\"BreadcrumbList\",\"@id\":\"https:\/\/fvo.sk\/?p=601#breadcrumb\",\"itemListElement\":[{\"@type\":\"ListItem\",\"position\":1,\"name\":\"Home\",\"item\":\"http:\/\/fvo.sk\/\"},{\"@type\":\"ListItem\",\"position\":2,\"name\":\"Predsedn\u00edctvo FVO 2015\"}]},{\"@type\":\"WebSite\",\"@id\":\"http:\/\/fvo.sk\/#website\",\"url\":\"http:\/\/fvo.sk\/\",\"name\":\"Forum pre verejne otazky\",\"description\":\"\",\"potentialAction\":[{\"@type\":\"SearchAction\",\"target\":{\"@type\":\"EntryPoint\",\"urlTemplate\":\"http:\/\/fvo.sk\/?s={search_term_string}\"},\"query-input\":{\"@type\":\"PropertyValueSpecification\",\"valueRequired\":true,\"valueName\":\"search_term_string\"}}],\"inLanguage\":\"sk-SK\"},{\"@type\":\"Person\",\"@id\":\"http:\/\/fvo.sk\/#\/schema\/person\/20f27b08bd3767fc6266fa372f570204\",\"name\":\"fvo\",\"image\":{\"@type\":\"ImageObject\",\"inLanguage\":\"sk-SK\",\"@id\":\"http:\/\/fvo.sk\/#\/schema\/person\/image\/\",\"url\":\"https:\/\/secure.gravatar.com\/avatar\/3e7a2cd6b5ae9e33f2a33aa09b4c6001?s=96&d=mm&r=g\",\"contentUrl\":\"https:\/\/secure.gravatar.com\/avatar\/3e7a2cd6b5ae9e33f2a33aa09b4c6001?s=96&d=mm&r=g\",\"caption\":\"fvo\"},\"url\":\"https:\/\/fvo.sk\/?author=2\"}]}<\/script>\n<!-- \/ Yoast SEO plugin. -->","yoast_head_json":{"title":"Predsedn\u00edctvo FVO 2015 - Forum pre verejne otazky","robots":{"index":"index","follow":"follow","max-snippet":"max-snippet:-1","max-image-preview":"max-image-preview:large","max-video-preview":"max-video-preview:-1"},"canonical":"https:\/\/fvo.sk\/?p=601","og_locale":"sk_SK","og_type":"article","og_title":"Predsedn\u00edctvo FVO 2015 - Forum pre verejne otazky","og_description":"Predsedn\u00edctvo FVO, ako bolo zvolen\u00e9 na Valnom zhroma\u017eden\u00ed 26. janu\u00e1ra 2015: Michal Makovn\u00edk- predseda Martin Dilong &#8211; podpredseda M\u00e1ria Guregov\u00e1, Pavol Kossey, Ter\u00e9zia Ron\u010d\u00e1kov\u00e1 &#8211; \u010dlenovia predsedn\u00edctva Kontroln\u00e1 komisia: Ernest G\u00e9ze &#8211; predseda Lucia Dr\u00e1bikov\u00e1, J\u00e1n Koprda &#8211; \u010dlenovia","og_url":"https:\/\/fvo.sk\/?p=601","og_site_name":"Forum pre verejne otazky","article_published_time":"2015-07-16T16:25:40+00:00","author":"fvo","twitter_card":"summary_large_image","twitter_misc":{"Autor":"fvo"},"schema":{"@context":"https:\/\/schema.org","@graph":[{"@type":"WebPage","@id":"https:\/\/fvo.sk\/?p=601","url":"https:\/\/fvo.sk\/?p=601","name":"Predsedn\u00edctvo FVO 2015 - Forum pre verejne otazky","isPartOf":{"@id":"http:\/\/fvo.sk\/#website"},"datePublished":"2015-07-16T16:25:40+00:00","dateModified":"2015-07-16T16:25:40+00:00","author":{"@id":"http:\/\/fvo.sk\/#\/schema\/person\/20f27b08bd3767fc6266fa372f570204"},"breadcrumb":{"@id":"https:\/\/fvo.sk\/?p=601#breadcrumb"},"inLanguage":"sk-SK","potentialAction":[{"@type":"ReadAction","target":["https:\/\/fvo.sk\/?p=601"]}]},{"@type":"BreadcrumbList","@id":"https:\/\/fvo.sk\/?p=601#breadcrumb","itemListElement":[{"@type":"ListItem","position":1,"name":"Home","item":"http:\/\/fvo.sk\/"},{"@type":"ListItem","position":2,"name":"Predsedn\u00edctvo FVO 2015"}]},{"@type":"WebSite","@id":"http:\/\/fvo.sk\/#website","url":"http:\/\/fvo.sk\/","name":"Forum pre verejne otazky","description":"","potentialAction":[{"@type":"SearchAction","target":{"@type":"EntryPoint","urlTemplate":"http:\/\/fvo.sk\/?s={search_term_string}"},"query-input":{"@type":"PropertyValueSpecification","valueRequired":true,"valueName":"search_term_string"}}],"inLanguage":"sk-SK"},{"@type":"Person","@id":"http:\/\/fvo.sk\/#\/schema\/person\/20f27b08bd3767fc6266fa372f570204","name":"fvo","image":{"@type":"ImageObject","inLanguage":"sk-SK","@id":"http:\/\/fvo.sk\/#\/schema\/person\/image\/","url":"https:\/\/secure.gravatar.com\/avatar\/3e7a2cd6b5ae9e33f2a33aa09b4c6001?s=96&d=mm&r=g","contentUrl":"https:\/\/secure.gravatar.com\/avatar\/3e7a2cd6b5ae9e33f2a33aa09b4c6001?s=96&d=mm&r=g","caption":"fvo"},"url":"https:\/\/fvo.sk\/?author=2"}]}},"_links":{"self":[{"href":"https:\/\/fvo.sk\/index.php?rest_route=\/wp\/v2\/posts\/601"}],"collection":[{"href":"https:\/\/fvo.sk\/index.php?rest_route=\/wp\/v2\/posts"}],"about":[{"href":"https:\/\/fvo.sk\/index.php?rest_route=\/wp\/v2\/types\/post"}],"author":[{"embeddable":true,"href":"https:\/\/fvo.sk\/index.php?rest_route=\/wp\/v2\/users\/2"}],"replies":[{"embeddable":true,"href":"https:\/\/fvo.sk\/index.php?rest_route=%2Fwp%2Fv2%2Fcomments&post=601"}],"version-history":[{"count":0,"href":"https:\/\/fvo.sk\/index.php?rest_route=\/wp\/v2\/posts\/601\/revisions"}],"wp:attachment":[{"href":"https:\/\/fvo.sk\/index.php?rest_route=%2Fwp%2Fv2%2Fmedia&parent=601"}],"wp:term":[{"taxonomy":"category","embeddable":true,"href":"https:\/\/fvo.sk\/index.php?rest_route=%2Fwp%2Fv2%2Fcategories&post=601"},{"taxonomy":"post_tag","embeddable":true,"href":"https:\/\/fvo.sk\/index.php?rest_route=%2Fwp%2Fv2%2Ftags&post=601"}],"curies":[{"name":"wp","href":"https:\/\/api.w.org\/{rel}","templated":true}]}}